{"id":33,"date":"2014-04-02T11:17:42","date_gmt":"2014-04-02T11:17:42","guid":{"rendered":"http:\/\/stueckwerk.eu\/?p=33"},"modified":"2019-01-11T13:24:33","modified_gmt":"2019-01-11T13:24:33","slug":"stuckwerk-2014-am-16-mai-um-20-uhr","status":"publish","type":"post","link":"https:\/\/stueckwerk.eu\/?p=33","title":{"rendered":"ST\u00dcCKwerk 2014 am 16. Mai um 20 Uhr"},"content":{"rendered":"<p>Wir proben flei\u00dfig f\u00fcr das Konzert in der Gelben Villa, das dieses Jahr am 16. Mai um 20 Uhr stattfinden wird. Auf dem Programm stehen Werke von Georg Friedrich H\u00e4ndel, Antonio Vivaldi, Wolfgang Amadeus Mozart, Franz Schubert u.a. Wie jedes Jahr musizieren wir f\u00fcr einen guten Zweck und sammeln am Abend f\u00fcr die H\u00fcrther Tafel.<\/p>\n<p><a href=\"http:\/\/stueckwerk.eu\/wp-content\/uploads\/2014\/04\/stueckwerk_2014.jpg\"><img decoding=\"async\" loading=\"lazy\" src=\"http:\/\/stueckwerk.eu\/wp-content\/uploads\/2014\/04\/stueckwerk_2014-211x300.jpg\" alt=\"stueckwerk_2014\" width=\"211\" height=\"300\" class=\"alignnone size-medium wp-image-37\" srcset=\"https:\/\/stueckwerk.eu\/wp-content\/uploads\/2014\/04\/stueckwerk_2014-211x300.jpg 211w, https:\/\/stueckwerk.eu\/wp-content\/uploads\/2014\/04\/stueckwerk_2014.jpg 420w\" sizes=\"(max-width: 211px) 100vw, 211px\" \/><\/a><\/p>\n","protected":false},"excerpt":{"rendered":"<p>Wir proben flei\u00dfig f\u00fcr das Konzert in der Gelben Villa, das dieses Jahr am 16. Mai um 20 Uhr stattfinden wird. Auf dem Programm stehen Werke von Georg Friedrich H\u00e4ndel, Antonio Vivaldi, Wolfgang Amadeus Mozart, Franz Schubert u.a. Wie jedes Jahr musizieren wir f\u00fcr einen guten Zweck und sammeln am Abend f\u00fcr die H\u00fcrther Tafel.<\/p>\n","protected":false},"author":1,"featured_media":0,"comment_status":"closed","ping_status":"closed","sticky":false,"template":"","format":"standard","meta":[],"categories":[1],"tags":[],"_links":{"self":[{"href":"https:\/\/stueckwerk.eu\/index.php?rest_route=\/wp\/v2\/posts\/33"}],"collection":[{"href":"https:\/\/stueckwerk.eu\/index.php?rest_route=\/wp\/v2\/posts"}],"about":[{"href":"https:\/\/stueckwerk.eu\/index.php?rest_route=\/wp\/v2\/types\/post"}],"author":[{"embeddable":true,"href":"https:\/\/stueckwerk.eu\/index.php?rest_route=\/wp\/v2\/users\/1"}],"replies":[{"embeddable":true,"href":"https:\/\/stueckwerk.eu\/index.php?rest_route=%2Fwp%2Fv2%2Fcomments&post=33"}],"version-history":[{"count":6,"href":"https:\/\/stueckwerk.eu\/index.php?rest_route=\/wp\/v2\/posts\/33\/revisions"}],"predecessor-version":[{"id":78,"href":"https:\/\/stueckwerk.eu\/index.php?rest_route=\/wp\/v2\/posts\/33\/revisions\/78"}],"wp:attachment":[{"href":"https:\/\/stueckwerk.eu\/index.php?rest_route=%2Fwp%2Fv2%2Fmedia&parent=33"}],"wp:term":[{"taxonomy":"category","embeddable":true,"href":"https:\/\/stueckwerk.eu\/index.php?rest_route=%2Fwp%2Fv2%2Fcategories&post=33"},{"taxonomy":"post_tag","embeddable":true,"href":"https:\/\/stueckwerk.eu\/index.php?rest_route=%2Fwp%2Fv2%2Ftags&post=33"}],"curies":[{"name":"wp","href":"https:\/\/api.w.org\/{rel}","templated":true}]}}